{"id":5277,"date":"2016-01-19T11:42:20","date_gmt":"2016-01-19T09:42:20","guid":{"rendered":"http:\/\/ifnm.de\/blog\/?p=5277"},"modified":"2016-01-21T16:47:21","modified_gmt":"2016-01-21T14:47:21","slug":"new-x-laedt-zur-filmpremiere","status":"publish","type":"post","link":"https:\/\/ifnm.de\/blog\/new-x-laedt-zur-filmpremiere\/","title":{"rendered":"New X-iT l\u00e4dt zur Filmpremiere"},"content":{"rendered":"<p>Die Jugendfilmgruppe \u201eNew X-iT\u201c vom Rostocker Institut f\u00fcr neue Medien begeht am Donnerstag, dem 21. Januar, ihr sechsj\u00e4hriges Bestehen mit der Premiere von 11 neuen Produktionen.<br \/>\nDieses Kreativteam, welches inzwischen bundesweit zu den erfolgreichsten im Nachwuchsbereich z\u00e4hlt, konnte im vergangenen Jahr auf Festivals und Wettbewerben zahlreiche Filmpreise entgegennehmen.<\/p>\n<p style=\"text-align: justify;\">Und so darf man auch jetzt wieder gespannt sein auf eine unterhaltsame Bandbreite an Themen und Formen, mit denen sich die jungen Filmemacher ihr Publikum erobern m\u00f6chten. Von der Hommage an das Kino, als Tankstelle f\u00fcr die Seele, \u00fcber zwanghafte Fleischeslust und Karrierefrust bis zur wortw\u00f6rtlichen Selbstbeschreibung und dem Portr\u00e4t von Menschen, f\u00fcr die das Filmemachen ein unverzichtbares Lebensmittel ist, erz\u00e4hlen die Bilder auf der Leinwand in k\u00fcnstlerischer Form vom Lebensgef\u00fchl 16 &#8211; 24-j\u00e4hriger Menschen.<\/p>\n<p>Im moderierten Programm erf\u00e4hrt das Publikum im Filmgespr\u00e4ch einiges \u00fcber Arbeitsweisen sowie Handschriften der Filmautoren. Im Anschluss wird zu einer kleinen \u00f6ffentlichen Premierenfeier eingeladen, bei der ausgiebig \u00fcber das Gesehene diskutiert werden kann.<\/p>\n<p style=\"text-align: justify;\"><strong>Veranstaltung:<\/strong> \u201eNew X-iT\u201c Filmpremieren<br \/>\n<strong>Datum:<\/strong> 21.01.2016<br \/>\n<strong>Beginn:<\/strong> 17:30 Uhr<br \/>\n<strong>Ort:<\/strong> Lichtspieltheater Wundervoll, Friedrichstra\u00dfe 23<br \/>\n<strong>Eintritt:<\/strong> 4 \u20ac regul\u00e4r, 3\u20ac\u00a0erm\u00e4\u00dfigt f\u00fcr Sch\u00fcler und Auszubildende<\/p>\n\n\t\t<style type=\"text\/css\">\n\t\t\t#gallery-1 {\n\t\t\t\tmargin: auto;\n\t\t\t}\n\t\t\t#gallery-1 .gallery-item {\n\t\t\t\tfloat: left;\n\t\t\t\tmargin-top: 10px;\n\t\t\t\ttext-align: center;\n\t\t\t\twidth: 50%;\n\t\t\t}\n\t\t\t#gallery-1 img {\n\t\t\t\tborder: 2px solid #cfcfcf;\n\t\t\t}\n\t\t\t#gallery-1 .gallery-caption {\n\t\t\t\tmargin-left: 0;\n\t\t\t}\n\t\t\t\/* see gallery_shortcode() in wp-includes\/media.php *\/\n\t\t<\/style>\n\t\t<div id='gallery-1' class='gallery galleryid-5277 gallery-columns-2 gallery-size-medium'><dl class='gallery-item'>\n\t\t\t<dt class='gallery-icon landscape'>\n\t\t\t\t<img decoding=\"async\" width=\"300\" height=\"200\" src=\"https:\/\/ifnm.de\/blog\/wp-content\/uploads\/2016\/01\/new_xit_dreharbeiten-300x200.jpg\" class=\"attachment-medium size-medium\" alt=\"\" srcset=\"https:\/\/ifnm.de\/blog\/wp-content\/uploads\/2016\/01\/new_xit_dreharbeiten-300x200.jpg 300w, https:\/\/ifnm.de\/blog\/wp-content\/uploads\/2016\/01\/new_xit_dreharbeiten-768x512.jpg 768w, https:\/\/ifnm.de\/blog\/wp-content\/uploads\/2016\/01\/new_xit_dreharbeiten-1024x682.jpg 1024w, https:\/\/ifnm.de\/blog\/wp-content\/uploads\/2016\/01\/new_xit_dreharbeiten.jpg 1280w\" sizes=\"(max-width: 300px) 100vw, 300px\" \/>\n\t\t\t<\/dt><\/dl><dl class='gallery-item'>\n\t\t\t<dt class='gallery-icon landscape'>\n\t\t\t\t<img decoding=\"async\" width=\"300\" height=\"200\" src=\"https:\/\/ifnm.de\/blog\/wp-content\/uploads\/2016\/01\/IMG_3726-300x200.jpg\" class=\"attachment-medium size-medium\" alt=\"\" srcset=\"https:\/\/ifnm.de\/blog\/wp-content\/uploads\/2016\/01\/IMG_3726-300x200.jpg 300w, https:\/\/ifnm.de\/blog\/wp-content\/uploads\/2016\/01\/IMG_3726-768x512.jpg 768w, https:\/\/ifnm.de\/blog\/wp-content\/uploads\/2016\/01\/IMG_3726-1024x682.jpg 1024w, https:\/\/ifnm.de\/blog\/wp-content\/uploads\/2016\/01\/IMG_3726.jpg 1280w\" sizes=\"(max-width: 300px) 100vw, 300px\" \/>\n\t\t\t<\/dt><\/dl><br style=\"clear: both\" \/>\n\t\t<\/div>\n\n","protected":false},"excerpt":{"rendered":"<p>Die Rostocker Jugendfilmgruppe New X-iT zeigt am 21.01.2016 11 neue Produktionen im Lichtspieltheater Wundervoll in Rostock und feiert gleichzeitig ihr 6-j\u00e4hriges Jubil\u00e4um. Start: 17:30 Uhr<\/p>\n","protected":false},"author":15,"featured_media":5278,"comment_status":"closed","ping_status":"open","sticky":false,"template":"","format":"standard","meta":{"om_disable_all_campaigns":false,"inline_featured_image":false,"_mi_skip_tracking":false,"_monsterinsights_sitenote_active":false,"_monsterinsights_sitenote_note":"","_monsterinsights_sitenote_category":0,"ngg_post_thumbnail":0,"footnotes":"","_links_to":"","_links_to_target":""},"categories":[1,163,161,4,152,6,168],"tags":[413,43,158,414,184,412,53],"class_list":["post-5277","post","type-post","status-publish","format-standard","has-post-thumbnail","hentry","category-allgemein","category-film","category-frieda23-2","category-institut-fur-neue-medien","category-new-x-it","category-news-aus-der-filmszene","category-rostock","tag-filmpremiere","tag-kurzfilm","tag-lichtspieltheater-wundervoll","tag-liwu","tag-new-x-it","tag-premiere","tag-rostock"],"yoast_head":"<!-- This site is optimized with the Yoast SEO plugin v18.5.1 - https:\/\/yoast.com\/wordpress\/plugins\/seo\/ -->\n<title>Jugendfilmgruppe New X-iT pr\u00e4sentiert 11 neue Filme<\/title>\n<meta name=\"description\" content=\"Die Jugendfilmgruppe New X-iT zeigt am 21.01.2016 11 neue Produktionen im Lichtspieltheater Wundervoll und feiert gleichzeitig ihr 6-j\u00e4hriges Jubil\u00e4um.\" \/>\n<meta name=\"robots\" content=\"index, follow, max-snippet:-1, max-image-preview:large, max-video-preview:-1\" \/>\n<link rel=\"canonical\" href=\"https:\/\/ifnm.de\/blog\/new-x-laedt-zur-filmpremiere\/\" \/>\n<meta property=\"og:locale\" content=\"de_DE\" \/>\n<meta property=\"og:type\" content=\"article\" \/>\n<meta property=\"og:title\" content=\"Jugendfilmgruppe New X-iT pr\u00e4sentiert 11 neue Filme\" \/>\n<meta property=\"og:description\" content=\"Die Jugendfilmgruppe New X-iT zeigt am 21.01.2016 11 neue Produktionen im Lichtspieltheater Wundervoll und feiert gleichzeitig ihr 6-j\u00e4hriges Jubil\u00e4um.\" \/>\n<meta property=\"og:url\" content=\"https:\/\/ifnm.de\/blog\/new-x-laedt-zur-filmpremiere\/\" \/>\n<meta property=\"og:site_name\" content=\"institut f\u00fcr neue medien\" \/>\n<meta property=\"article:published_time\" content=\"2016-01-19T09:42:20+00:00\" \/>\n<meta property=\"article:modified_time\" content=\"2016-01-21T14:47:21+00:00\" \/>\n<meta property=\"og:image\" content=\"https:\/\/ifnm.de\/blog\/wp-content\/uploads\/2016\/01\/szene_aus_selbstbeschreibung.jpg\" \/>\n\t<meta property=\"og:image:width\" content=\"1280\" \/>\n\t<meta property=\"og:image:height\" content=\"853\" \/>\n\t<meta property=\"og:image:type\" content=\"image\/jpeg\" \/>\n<meta name=\"twitter:label1\" content=\"Verfasst von\" \/>\n\t<meta name=\"twitter:data1\" content=\"Patrick Hinz\" \/>\n\t<meta name=\"twitter:label2\" content=\"Gesch\u00e4tzte Lesezeit\" \/>\n\t<meta name=\"twitter:data2\" content=\"1\u00a0Minute\" \/>\n<script type=\"application\/ld+json\" class=\"yoast-schema-graph\">{\"@context\":\"https:\/\/schema.org\",\"@graph\":[{\"@type\":\"WebSite\",\"@id\":\"https:\/\/ifnm.de\/blog\/#website\",\"url\":\"https:\/\/ifnm.de\/blog\/\",\"name\":\"institut f\u00fcr neue medien\",\"description\":\"freie bildungsgesellschaft gGmbH\",\"potentialAction\":[{\"@type\":\"SearchAction\",\"target\":{\"@type\":\"EntryPoint\",\"urlTemplate\":\"https:\/\/ifnm.de\/blog\/?s={search_term_string}\"},\"query-input\":\"required name=search_term_string\"}],\"inLanguage\":\"de\"},{\"@type\":\"ImageObject\",\"@id\":\"https:\/\/ifnm.de\/blog\/new-x-laedt-zur-filmpremiere\/#primaryimage\",\"inLanguage\":\"de\",\"url\":\"https:\/\/ifnm.de\/blog\/wp-content\/uploads\/2016\/01\/szene_aus_selbstbeschreibung.jpg\",\"contentUrl\":\"https:\/\/ifnm.de\/blog\/wp-content\/uploads\/2016\/01\/szene_aus_selbstbeschreibung.jpg\",\"width\":1280,\"height\":853,\"caption\":\"Aus dem Kurzfilm \\\"SelbstBeschreibung\\\"\"},{\"@type\":\"WebPage\",\"@id\":\"https:\/\/ifnm.de\/blog\/new-x-laedt-zur-filmpremiere\/#webpage\",\"url\":\"https:\/\/ifnm.de\/blog\/new-x-laedt-zur-filmpremiere\/\",\"name\":\"Jugendfilmgruppe New X-iT pr\u00e4sentiert 11 neue Filme\",\"isPartOf\":{\"@id\":\"https:\/\/ifnm.de\/blog\/#website\"},\"primaryImageOfPage\":{\"@id\":\"https:\/\/ifnm.de\/blog\/new-x-laedt-zur-filmpremiere\/#primaryimage\"},\"datePublished\":\"2016-01-19T09:42:20+00:00\",\"dateModified\":\"2016-01-21T14:47:21+00:00\",\"author\":{\"@id\":\"https:\/\/ifnm.de\/blog\/#\/schema\/person\/d6da25d8dbded518aad81f7337604f59\"},\"description\":\"Die Jugendfilmgruppe New X-iT zeigt am 21.01.2016 11 neue Produktionen im Lichtspieltheater Wundervoll und feiert gleichzeitig ihr 6-j\u00e4hriges Jubil\u00e4um.\",\"breadcrumb\":{\"@id\":\"https:\/\/ifnm.de\/blog\/new-x-laedt-zur-filmpremiere\/#breadcrumb\"},\"inLanguage\":\"de\",\"potentialAction\":[{\"@type\":\"ReadAction\",\"target\":[\"https:\/\/ifnm.de\/blog\/new-x-laedt-zur-filmpremiere\/\"]}]},{\"@type\":\"BreadcrumbList\",\"@id\":\"https:\/\/ifnm.de\/blog\/new-x-laedt-zur-filmpremiere\/#breadcrumb\",\"itemListElement\":[{\"@type\":\"ListItem\",\"position\":1,\"name\":\"Home\",\"item\":\"https:\/\/ifnm.de\/blog\/\"},{\"@type\":\"ListItem\",\"position\":2,\"name\":\"New X-iT l\u00e4dt zur Filmpremiere\"}]},{\"@type\":\"Person\",\"@id\":\"https:\/\/ifnm.de\/blog\/#\/schema\/person\/d6da25d8dbded518aad81f7337604f59\",\"name\":\"Patrick Hinz\",\"image\":{\"@type\":\"ImageObject\",\"@id\":\"https:\/\/ifnm.de\/blog\/#personlogo\",\"inLanguage\":\"de\",\"url\":\"https:\/\/secure.gravatar.com\/avatar\/ea9ba50c560516d49647230c685ee7e7?s=96&d=mm&r=g\",\"contentUrl\":\"https:\/\/secure.gravatar.com\/avatar\/ea9ba50c560516d49647230c685ee7e7?s=96&d=mm&r=g\",\"caption\":\"Patrick Hinz\"},\"url\":\"https:\/\/ifnm.de\/blog\/author\/patrick-hinz\/\"}]}<\/script>\n<!-- \/ Yoast SEO plugin. -->","yoast_head_json":{"title":"Jugendfilmgruppe New X-iT pr\u00e4sentiert 11 neue Filme","description":"Die Jugendfilmgruppe New X-iT zeigt am 21.01.2016 11 neue Produktionen im Lichtspieltheater Wundervoll und feiert gleichzeitig ihr 6-j\u00e4hriges Jubil\u00e4um.","robots":{"index":"index","follow":"follow","max-snippet":"max-snippet:-1","max-image-preview":"max-image-preview:large","max-video-preview":"max-video-preview:-1"},"canonical":"https:\/\/ifnm.de\/blog\/new-x-laedt-zur-filmpremiere\/","og_locale":"de_DE","og_type":"article","og_title":"Jugendfilmgruppe New X-iT pr\u00e4sentiert 11 neue Filme","og_description":"Die Jugendfilmgruppe New X-iT zeigt am 21.01.2016 11 neue Produktionen im Lichtspieltheater Wundervoll und feiert gleichzeitig ihr 6-j\u00e4hriges Jubil\u00e4um.","og_url":"https:\/\/ifnm.de\/blog\/new-x-laedt-zur-filmpremiere\/","og_site_name":"institut f\u00fcr neue medien","article_published_time":"2016-01-19T09:42:20+00:00","article_modified_time":"2016-01-21T14:47:21+00:00","og_image":[{"width":1280,"height":853,"url":"https:\/\/ifnm.de\/blog\/wp-content\/uploads\/2016\/01\/szene_aus_selbstbeschreibung.jpg","type":"image\/jpeg"}],"twitter_misc":{"Verfasst von":"Patrick Hinz","Gesch\u00e4tzte Lesezeit":"1\u00a0Minute"},"schema":{"@context":"https:\/\/schema.org","@graph":[{"@type":"WebSite","@id":"https:\/\/ifnm.de\/blog\/#website","url":"https:\/\/ifnm.de\/blog\/","name":"institut f\u00fcr neue medien","description":"freie bildungsgesellschaft gGmbH","potentialAction":[{"@type":"SearchAction","target":{"@type":"EntryPoint","urlTemplate":"https:\/\/ifnm.de\/blog\/?s={search_term_string}"},"query-input":"required name=search_term_string"}],"inLanguage":"de"},{"@type":"ImageObject","@id":"https:\/\/ifnm.de\/blog\/new-x-laedt-zur-filmpremiere\/#primaryimage","inLanguage":"de","url":"https:\/\/ifnm.de\/blog\/wp-content\/uploads\/2016\/01\/szene_aus_selbstbeschreibung.jpg","contentUrl":"https:\/\/ifnm.de\/blog\/wp-content\/uploads\/2016\/01\/szene_aus_selbstbeschreibung.jpg","width":1280,"height":853,"caption":"Aus dem Kurzfilm \"SelbstBeschreibung\""},{"@type":"WebPage","@id":"https:\/\/ifnm.de\/blog\/new-x-laedt-zur-filmpremiere\/#webpage","url":"https:\/\/ifnm.de\/blog\/new-x-laedt-zur-filmpremiere\/","name":"Jugendfilmgruppe New X-iT pr\u00e4sentiert 11 neue Filme","isPartOf":{"@id":"https:\/\/ifnm.de\/blog\/#website"},"primaryImageOfPage":{"@id":"https:\/\/ifnm.de\/blog\/new-x-laedt-zur-filmpremiere\/#primaryimage"},"datePublished":"2016-01-19T09:42:20+00:00","dateModified":"2016-01-21T14:47:21+00:00","author":{"@id":"https:\/\/ifnm.de\/blog\/#\/schema\/person\/d6da25d8dbded518aad81f7337604f59"},"description":"Die Jugendfilmgruppe New X-iT zeigt am 21.01.2016 11 neue Produktionen im Lichtspieltheater Wundervoll und feiert gleichzeitig ihr 6-j\u00e4hriges Jubil\u00e4um.","breadcrumb":{"@id":"https:\/\/ifnm.de\/blog\/new-x-laedt-zur-filmpremiere\/#breadcrumb"},"inLanguage":"de","potentialAction":[{"@type":"ReadAction","target":["https:\/\/ifnm.de\/blog\/new-x-laedt-zur-filmpremiere\/"]}]},{"@type":"BreadcrumbList","@id":"https:\/\/ifnm.de\/blog\/new-x-laedt-zur-filmpremiere\/#breadcrumb","itemListElement":[{"@type":"ListItem","position":1,"name":"Home","item":"https:\/\/ifnm.de\/blog\/"},{"@type":"ListItem","position":2,"name":"New X-iT l\u00e4dt zur Filmpremiere"}]},{"@type":"Person","@id":"https:\/\/ifnm.de\/blog\/#\/schema\/person\/d6da25d8dbded518aad81f7337604f59","name":"Patrick Hinz","image":{"@type":"ImageObject","@id":"https:\/\/ifnm.de\/blog\/#personlogo","inLanguage":"de","url":"https:\/\/secure.gravatar.com\/avatar\/ea9ba50c560516d49647230c685ee7e7?s=96&d=mm&r=g","contentUrl":"https:\/\/secure.gravatar.com\/avatar\/ea9ba50c560516d49647230c685ee7e7?s=96&d=mm&r=g","caption":"Patrick Hinz"},"url":"https:\/\/ifnm.de\/blog\/author\/patrick-hinz\/"}]}},"_links":{"self":[{"href":"https:\/\/ifnm.de\/blog\/wp-json\/wp\/v2\/posts\/5277","targetHints":{"allow":["GET"]}}],"collection":[{"href":"https:\/\/ifnm.de\/blog\/wp-json\/wp\/v2\/posts"}],"about":[{"href":"https:\/\/ifnm.de\/blog\/wp-json\/wp\/v2\/types\/post"}],"author":[{"embeddable":true,"href":"https:\/\/ifnm.de\/blog\/wp-json\/wp\/v2\/users\/15"}],"replies":[{"embeddable":true,"href":"https:\/\/ifnm.de\/blog\/wp-json\/wp\/v2\/comments?post=5277"}],"version-history":[{"count":7,"href":"https:\/\/ifnm.de\/blog\/wp-json\/wp\/v2\/posts\/5277\/revisions"}],"predecessor-version":[{"id":5373,"href":"https:\/\/ifnm.de\/blog\/wp-json\/wp\/v2\/posts\/5277\/revisions\/5373"}],"wp:featuredmedia":[{"embeddable":true,"href":"https:\/\/ifnm.de\/blog\/wp-json\/wp\/v2\/media\/5278"}],"wp:attachment":[{"href":"https:\/\/ifnm.de\/blog\/wp-json\/wp\/v2\/media?parent=5277"}],"wp:term":[{"taxonomy":"category","embeddable":true,"href":"https:\/\/ifnm.de\/blog\/wp-json\/wp\/v2\/categories?post=5277"},{"taxonomy":"post_tag","embeddable":true,"href":"https:\/\/ifnm.de\/blog\/wp-json\/wp\/v2\/tags?post=5277"}],"curies":[{"name":"wp","href":"https:\/\/api.w.org\/{rel}","templated":true}]}}